{"id":8477,"date":"2022-12-14T12:17:23","date_gmt":"2022-12-14T11:17:23","guid":{"rendered":"http:\/\/www.diitet.cnr.it\/?p=8477"},"modified":"2022-12-14T12:33:59","modified_gmt":"2022-12-14T11:33:59","slug":"giornata-iac-2022","status":"publish","type":"post","link":"https:\/\/www.diitet.cnr.it\/en\/giornata-iac-2022\/","title":{"rendered":"Giornata IAC 2022 &#8211; 19 dicembre 2022, ore 10:00"},"content":{"rendered":"\t\t<div data-elementor-type=\"wp-post\" data-elementor-id=\"8477\" class=\"elementor elementor-8477\">\n\t\t\t\t\t\t<section class=\"elementor-section elementor-top-section elementor-element elementor-element-087620e elementor-section-boxed elementor-section-height-default elementor-section-height-default\" data-id=\"087620e\" data-element_type=\"section\" data-e-type=\"section\">\n\t\t\t\t\t\t<div class=\"elementor-container elementor-column-gap-default\">\n\t\t\t\t\t<div class=\"elementor-column elementor-col-100 elementor-top-column elementor-element elementor-element-b783a22\" data-id=\"b783a22\" data-element_type=\"column\" data-e-type=\"column\">\n\t\t\t<div class=\"elementor-widget-wrap elementor-element-populated\">\n\t\t\t\t\t\t<div class=\"elementor-element elementor-element-294b984 elementor-widget elementor-widget-html\" data-id=\"294b984\" data-element_type=\"widget\" data-e-type=\"widget\" data-widget_type=\"html.default\">\n\t\t\t\t<div class=\"elementor-widget-container\">\n\t\t\t\t\t<p><strong>Il 19\/12\/2022 ore 10.00 - 17.30<\/strong>\n<\/p>\n<p><strong>Roma, via dei Taurini, 19. Aula Piano Terra<\/strong><\/p>\n<p>\nIl 19 dicembre 2022 si terr\u00e0 la Giornata Iac 2022, l\u2019occasione annuale, per i ricercatori dell\u2019Istituto per le applicazioni del calcolo \u201cMauro Picone\u201d del Cnr, di presentare lo stato di avanzamento delle diverse attivit\u00e0 di ricerca, confrontarsi sulle ultime ricerche e su possibili idee di sviluppo e collaborazione. La giornata \u00e8 aperta a tutti coloro che sono interessati a conoscere le principali e pi\u00f9 attuali ricerche nell'ambito della matematica applicata.\n<\/p>\n<p>\nSi svolger\u00e0 in modalit\u00e0 mista: in presenza, in via dei Taurini, 19, aula Piano Terra e in streaming sul canale YouTube dell\u2019Iac (Cnr - Iac) agli indirizzi: <a href=\"https:\/\/youtu.be\/roQotAPhQPY\" target=\"_blank\" rel=\"noopener noreferrer\">https:\/\/youtu.be\/roQotAPhQPY<\/a> (mattina) e <a href=\"https:\/\/youtu.be\/6BPp3H5D_xw\" target=\"_blank\" rel=\"noopener noreferrer\">https:\/\/youtu.be\/6BPp3H5D_xw<\/a> (pomeriggio). Per partecipare dal vivo, occorre inviare una e-mail a: direttore@iac.cnr.it.\n<\/p>\n<strong>Organizzato da:<\/strong><br\/>\nIstituto per le applicazioni del calcolo \"Mauro Picone\" (Cnr-Iac)\n<\/p>\n<p>\n<strong>Referente organizzativo:<\/strong><br\/>\nStefania Giuffrida<br\/>\nCNR - Istituto per le applicazioni del calcolo \"Mauro Picone\"<br\/>\nstefania.giuffrida@cnr.it\n<\/p>\n<p>\n<strong>Modalit\u00e0 di accesso:<\/strong> registrazione \/ accredito\n<\/p>\n<strong>Vedi anche:<\/strong>\n<ul>\n    <li><a href=\"https:\/\/www.cnr.it\/it\/eventi\/allegato\/13158\" target=\"_blank\" rel=\"noopener noreferrer\">Programma della giornata<\/a><\/li>\n    <li>\n<a href=\"https:\/\/www.iac.cnr.it\/giornata-iac-2022\" target=\"_blank\" rel=\"noopener noreferrer\">La notizia sul sito del Cnr-Ia<\/a><\/li>\n<\/ul>\t\t\t\t<\/div>\n\t\t\t\t<\/div>\n\t\t\t\t\t<\/div>\n\t\t<\/div>\n\t\t\t\t\t<\/div>\n\t\t<\/section>\n\t\t\t\t<\/div>\n\t\t","protected":false},"excerpt":{"rendered":"<p>Il 19\/12\/2022 ore 10.00 &#8211; 17.30 Roma, via dei Taurini, 19. Aula Piano Terra Il 19 dicembre 2022 si terr\u00e0 la Giornata Iac 2022, l\u2019occasione annuale, per i ricercatori dell\u2019Istituto per le applicazioni del calcolo \u201cMauro Picone\u201d del Cnr, di presentare lo stato di avanzamento delle diverse attivit\u00e0 di ricerca, &hellip;<\/p>\n","protected":false},"author":2,"featured_media":8479,"comment_status":"closed","ping_status":"closed","sticky":false,"template":"","format":"standard","meta":{"footnotes":"","_members_access_role":[],"_members_access_error":""},"categories":[22,27],"tags":[],"class_list":["post-8477","post","type-post","status-publish","format-standard","has-post-thumbnail","hentry","category-eventi","category-news-eventi"],"_links":{"self":[{"href":"https:\/\/www.diitet.cnr.it\/en\/wp-json\/wp\/v2\/posts\/8477","targetHints":{"allow":["GET"]}}],"collection":[{"href":"https:\/\/www.diitet.cnr.it\/en\/wp-json\/wp\/v2\/posts"}],"about":[{"href":"https:\/\/www.diitet.cnr.it\/en\/wp-json\/wp\/v2\/types\/post"}],"author":[{"embeddable":true,"href":"https:\/\/www.diitet.cnr.it\/en\/wp-json\/wp\/v2\/users\/2"}],"replies":[{"embeddable":true,"href":"https:\/\/www.diitet.cnr.it\/en\/wp-json\/wp\/v2\/comments?post=8477"}],"version-history":[{"count":16,"href":"https:\/\/www.diitet.cnr.it\/en\/wp-json\/wp\/v2\/posts\/8477\/revisions"}],"predecessor-version":[{"id":8494,"href":"https:\/\/www.diitet.cnr.it\/en\/wp-json\/wp\/v2\/posts\/8477\/revisions\/8494"}],"wp:featuredmedia":[{"embeddable":true,"href":"https:\/\/www.diitet.cnr.it\/en\/wp-json\/wp\/v2\/media\/8479"}],"wp:attachment":[{"href":"https:\/\/www.diitet.cnr.it\/en\/wp-json\/wp\/v2\/media?parent=8477"}],"wp:term":[{"taxonomy":"category","embeddable":true,"href":"https:\/\/www.diitet.cnr.it\/en\/wp-json\/wp\/v2\/categories?post=8477"},{"taxonomy":"post_tag","embeddable":true,"href":"https:\/\/www.diitet.cnr.it\/en\/wp-json\/wp\/v2\/tags?post=8477"}],"curies":[{"name":"wp","href":"https:\/\/api.w.org\/{rel}","templated":true}]}}